{"id":62,"date":"2011-10-03T12:58:01","date_gmt":"2011-10-03T09:58:01","guid":{"rendered":"http:\/\/www.ostaulkomailta.com\/blog\/?p=62"},"modified":"2011-10-15T12:48:08","modified_gmt":"2011-10-15T09:48:08","slug":"hm-cos-verkkokauppa-avattu","status":"publish","type":"post","link":"http:\/\/www.ostaulkomailta.com\/blog\/hm-cos-verkkokauppa-avattu\/","title":{"rendered":"H&#038;M COS-verkkokauppa avattu"},"content":{"rendered":"<h4>H&amp;M:n COS avautuu 18 maassa &#8211; my\u00f6s suomessa.<\/h4>\n<p>Suomesta ei viel\u00e4 l\u00f6ydy Henkan ja Maukan COS-liikett\u00e4. T\u00e4m\u00e4 ep\u00e4kohta on nyt jossain m\u00e4\u00e4rin korjattu, koska br\u00e4ndin verkkokauppa on avattu my\u00f6s Suomessa.<\/p>\n<p>COS poikkeaa kaiketi aika rajustikin normaalista Hennes&amp;Mauritzin tarjonnasta, jos Marmaita on uskominen.<\/p>\n<blockquote><p>Vaatemerkki COS on lyhenne sanoista Collection of Style. Nimi kertoo br\u00e4ndin luonteesta, klassista, pelkistetty\u00e4, v\u00e4h\u00e4eleist\u00e4. COS poikkeaa tyylilt\u00e4\u00e4n totaalisesti omistajansa\u00a0 myym\u00e4l\u00f6iden v\u00e4rikk\u00e4\u00e4st\u00e4 pintamuodista.<\/p><\/blockquote>\n<p>Itse\u00e4ni ei H&amp;M:n tarjonta juurikaan kiinnosta, mutta ne jotka ovat kiinnostuneet, voivat vierailla COS-verkkokaupassa osoitteessa<a href=\"http:\/\/www.cosstores.com\/Store\/Women\/New\/365246.1\" target=\"_blank\"> www.cosstores.com.<\/a><\/p>\n<p>Ja loput uutisesta on luettavissa <a href=\"http:\/\/www.marmai.fi\/uutiset\/hampmn+cos+avaa+verkkokaupan+18+maassa\/a695462\" target=\"_blank\">Markkinointi&amp;Mainonnassa<\/a>.<\/p>\n","protected":false},"excerpt":{"rendered":"<p>H&amp;M:n COS avautuu 18 maassa &#8211; my\u00f6s suomessa. Suomesta ei viel\u00e4 l\u00f6ydy Henkan ja Maukan COS-liikett\u00e4. T\u00e4m\u00e4 ep\u00e4kohta on nyt jossain m\u00e4\u00e4rin korjattu, koska br\u00e4ndin verkkokauppa on avattu my\u00f6s Suomessa. COS poikkeaa kaiketi aika rajustikin normaalista Hennes&amp;Mauritzin tarjonnasta, jos Marmaita on uskominen. Vaatemerkki COS on lyhenne sanoista Collection of Style. Nimi kertoo br\u00e4ndin luonteesta, klassista, [&hellip;]<\/p>\n","protected":false},"author":1,"featured_media":0,"comment_status":"open","ping_status":"open","sticky":false,"template":"","format":"standard","meta":[],"categories":[57],"tags":[24,23,26,25],"_links":{"self":[{"href":"http:\/\/www.ostaulkomailta.com\/blog\/wp-json\/wp\/v2\/posts\/62"}],"collection":[{"href":"http:\/\/www.ostaulkomailta.com\/blog\/wp-json\/wp\/v2\/posts"}],"about":[{"href":"http:\/\/www.ostaulkomailta.com\/blog\/wp-json\/wp\/v2\/types\/post"}],"author":[{"embeddable":true,"href":"http:\/\/www.ostaulkomailta.com\/blog\/wp-json\/wp\/v2\/users\/1"}],"replies":[{"embeddable":true,"href":"http:\/\/www.ostaulkomailta.com\/blog\/wp-json\/wp\/v2\/comments?post=62"}],"version-history":[{"count":19,"href":"http:\/\/www.ostaulkomailta.com\/blog\/wp-json\/wp\/v2\/posts\/62\/revisions"}],"predecessor-version":[{"id":71,"href":"http:\/\/www.ostaulkomailta.com\/blog\/wp-json\/wp\/v2\/posts\/62\/revisions\/71"}],"wp:attachment":[{"href":"http:\/\/www.ostaulkomailta.com\/blog\/wp-json\/wp\/v2\/media?parent=62"}],"wp:term":[{"taxonomy":"category","embeddable":true,"href":"http:\/\/www.ostaulkomailta.com\/blog\/wp-json\/wp\/v2\/categories?post=62"},{"taxonomy":"post_tag","embeddable":true,"href":"http:\/\/www.ostaulkomailta.com\/blog\/wp-json\/wp\/v2\/tags?post=62"}],"curies":[{"name":"wp","href":"https:\/\/api.w.org\/{rel}","templated":true}]}}