{"id":461,"date":"2011-11-07T15:17:53","date_gmt":"2011-11-07T13:17:53","guid":{"rendered":"http:\/\/www.ostaulkomailta.com\/blog\/?p=461"},"modified":"2011-11-07T15:19:33","modified_gmt":"2011-11-07T13:19:33","slug":"esittelyssa-zepad-10-tablet","status":"publish","type":"post","link":"http:\/\/www.ostaulkomailta.com\/blog\/esittelyssa-zepad-10-tablet\/","title":{"rendered":"Esittelyss\u00e4 Zepad 10&#8243; Tablet"},"content":{"rendered":"<p>T\u00e4n\u00e4\u00e4n se sitten saapui. Tullia ei sitten laisin kiinnostanut paketti. DPD:n kuriiri kantoi paketin ovelle aamup\u00e4iv\u00e4st\u00e4.<\/p>\n<p>Laitetaan ensinm\u00e4iseksi teknist\u00e4 dataa. N\u00e4m\u00e4 tiedot ilmoitetaan pakkauksessa. Kaikki tiedot eiv\u00e4t t\u00e4sm\u00e4\u00e4 myynti-ilmoitusta, mutta katsotaan mit\u00e4 laite on sy\u00f6nyt:<\/p>\n<p>N\u00e4ytt\u00f6 on siis 10&#8243; laajakuva LED-kosketusn\u00e4ytt\u00f6, jonka tarkkuus on 1024 x 600 pikseli\u00e4<\/p>\n<p>Prosessoriksi ilmoitetaan Arm ZT-180 1.0 GHz ja muistia laitteessa l\u00f6ytyy 512 Mb RAM DDRII<\/p>\n<p>Tallennusmediana 4 GB Flash NAND<\/p>\n<p>K\u00e4ytt\u00f6j\u00e4rjestelm\u00e4n\u00e4 Android 2.2 Froyo<\/p>\n<p>Akku on Li-ion 9 V, 2400 mA ja toiminta-ajaksi luvataan 4 tuntia<\/p>\n<p>Langaton verkko 802.11 b\/g\/n<\/p>\n<p>Sis\u00e4\u00e4nrakennettu kamera (ep\u00e4ilen tarkkuuden olevan VGA)<\/p>\n<p>Kiihtyvyysanturi<\/p>\n<p>Liit\u00e4nn\u00e4t: 1 x USB 2.0, 3.5 mm kuulokeliit\u00e4nt\u00e4, TF-korttipaikka, 1 x MiniUSB, HDMI-liitin<\/p>\n<p>Koko: 270 x 179 x 16 mm ja painoa l\u00f6ytyy 650 g.<\/p>\n<p>&nbsp;<\/p>\n<p>Pakkauksen sis\u00e4ll\u00e4 nyt ei ollut mit\u00e4\u00e4n ylim\u00e4\u00e4r\u00e4ist\u00e4. Tablet, laturi ja adapteri mill\u00e4 laturi toimii suomessakin, LAN-adapteri sek\u00e4 pieni k\u00e4ytt\u00f6opas.<\/p>\n<p><a href=\"http:\/\/www.ostaulkomailta.com\/blog\/wp-content\/uploads\/2011\/11\/zepad1.jpg\"><img loading=\"lazy\" class=\"alignnone size-medium wp-image-464\" title=\"zepad\" src=\"http:\/\/www.ostaulkomailta.com\/blog\/wp-content\/uploads\/2011\/11\/zepad1-293x300.jpg\" alt=\"\" width=\"293\" height=\"300\" srcset=\"http:\/\/www.ostaulkomailta.com\/blog\/wp-content\/uploads\/2011\/11\/zepad1-293x300.jpg 293w, http:\/\/www.ostaulkomailta.com\/blog\/wp-content\/uploads\/2011\/11\/zepad1.jpg 921w\" sizes=\"(max-width: 293px) 100vw, 293px\" \/><\/a><\/p>\n<p>&nbsp;<\/p>\n<p>Paketin avattuani k\u00e4vin laitteen l\u00e4pi. Laatutuntuma oli sit\u00e4 mit\u00e4 voi odottaa. Ei vastaa iPadia, mutta ei my\u00f6sk\u00e4\u00e4n tuottanut pettymyst\u00e4. N\u00e4yt\u00f6n alareunassa tosin on yksi kohta joka natisee kun siit\u00e4 painaa, mutta k\u00e4yt\u00f6ss\u00e4 ei tuota kyseist\u00e4 kohtaa tarvitse painella joten eip\u00e4 haitanne ja k\u00e4yt\u00f6ss\u00e4 sit\u00e4 ei siis huomaa. Ulkopuolinen tarkastelu sai siis hyv\u00e4t pisteet, ent\u00e4s sitten sisusta.<\/p>\n<p>Tabletin k\u00e4ytt\u00f6\u00f6notto oli varsin helppoa. Laturi kiinni laitteeseen ja power-n\u00e4pp\u00e4imest\u00e4 virrat p\u00e4\u00e4lle. Androidin k\u00e4ynnistyminen vie n. minuutin. Nopeampaa k\u00e4ynnistyst\u00e4 odotin, mutta eip\u00e4 tuokaan nyt mik\u00e4\u00e4n liian hidas ole. Muistin m\u00e4\u00e4r\u00e4 taitaa suurin pullonkaula olla. Pit\u00e4nee tutkailla netin sy\u00f6vereit\u00e4 miten tuo muistin lis\u00e4ys mahtaa laitteeseen onnistua. Laitteessa on siis 512 Mb muistia ja sen pirist\u00e4minen 1 Gb:n muistiin voisi mukavasti reipastaa laitteen toimintaa.<\/p>\n<p>Kone siis saatu p\u00e4\u00e4lle ja Androidin aloitusn\u00e4ytt\u00f6 ruudulla. Ei mitenk\u00e4\u00e4n yll\u00e4tt\u00e4v\u00e4\u00e4, k\u00e4ytt\u00f6kieli on saksaksi. Android ymp\u00e4rist\u00f6 nyt on jotenkin tuttu ja saksaa on opiskeltu korkkareista joten virheen ja kokeilun kautta sitten l\u00f6ytyi paikka mist\u00e4 kieliasetukset muuttuvat. Toisin kuin kauppiaan listauksessa oli mainittu, ei laitteesta l\u00f6ytynyt suomea. No englannilla p\u00e4rj\u00e4\u00e4. Kielen vaihto ei vaatinut uudelleen k\u00e4ynnistyst\u00e4 joten samantien Wi-Fi:n kimppuun. Aloitusruudulla klikataan Wi-Fi kuvaketta josta aukeaa lista k\u00e4ytett\u00e4vist\u00e4 verkoista. Sielt\u00e4 sitten oma verkko valittuna, salasana sy\u00f6tetty ja n\u00e4in oltiin verkossa kiinni. Android marketista sitten asentamaan MoreLocale 2 sek\u00e4 suomen kielipaketti. T\u00e4ysin suomenkieliseksi laite ei muuntautunut, mutta p\u00e4rj\u00e4\u00e4 kyll\u00e4. Sitten alkoikin muihin ominaisuuksiin perehtyminen. Sen verran on aikaa kun viimeksi on Androidia k\u00e4ytt\u00e4nyt, ett\u00e4 hetki menee ennen kuin p\u00e4\u00e4see taas sis\u00e4lle.<\/p>\n<p>Laitteessa on kirkas, selke\u00e4 n\u00e4ytt\u00f6. Kosketusn\u00e4ytt\u00f6 ei nyt ensinm\u00e4isen\u00e4 pelaa ihan t\u00e4ysill\u00e4. Mikrokuituliinalla hinkkaamaan n\u00e4ytt\u00f6\u00e4 ja johan tuntuma parani. V\u00e4h\u00e4n taas omanlaisen tuntumansa vaatii t\u00e4h\u00e4n. K\u00e4yt\u00f6ss\u00e4 kuitenkin Nokian ja Applen kosketusn\u00e4yt\u00f6ll\u00e4 varustettuja laitteita ja ne toimivat kanssa omalla tavallaan. Pienen pient\u00e4 eroa, mutta pienen n\u00e4pyttelyn j\u00e4lkeen uskoisin ett\u00e4 pelaa.<\/p>\n<p>Home-n\u00e4pp\u00e4in t\u00e4ss\u00e4 laitteessa ei sitten toimi kuten tavallinen home. Esimerkiksi, selaimessa se palaa edelliselle sivulle, eik\u00e4 siis ty\u00f6p\u00f6yd\u00e4lle. Ty\u00f6p\u00f6yd\u00e4lle p\u00e4\u00e4see n\u00e4yt\u00f6n yl\u00e4reunasta l\u00f6ytyv\u00e4st\u00e4 ikonista. Toisaalta, ehk\u00e4 tuohonkin tottuu ett\u00e4 on tuollainen back-namiska. Viel\u00e4 en ole perehtynyt saako n\u00e4pp\u00e4imen toimintaa asetuksista muutettua. Toiset n\u00e4pp\u00e4imet, eli volume + ja volume &#8211; ei kanssa toimi niin kuin olettaisi. Eri sovelluksissa avaa erillaisia alavalikoita. T\u00e4m\u00e4kin on &#8221;korjattu&#8221; ruudulla n\u00e4kyvill\u00e4 \u00e4\u00e4nens\u00e4\u00e4t\u00f6 ikoneilla. Musiikkia en viel\u00e4 kerennyt laitteeseen laittamaan joten katsotaan miten toimii natiivisoittimella. DI.fm playerill\u00e4 ei ainakaan toiminut.<\/p>\n<p>Seuraavaksi pit\u00e4isi kokeilla miten nuo mokkulat toimivat. K\u00e4yt\u00f6ss\u00e4 Huawein mokkuloita joten katsotaan mik\u00e4 alkaa toimimaan vai toimiiko kaikki.<\/p>\n<p>Kirjoitellaan lis\u00e4\u00e4 kun on taas enemm\u00e4n n\u00e4pytelty.<\/p>\n<p>&nbsp;<\/p>\n<p>T\u00e4h\u00e4n menness\u00e4 laite on kyll\u00e4 t\u00e4ytt\u00e4nyt odotukset mit\u00e4 voi antaa laitteelle mink\u00e4 hinta kotiintuotuna on alta 150 \u20ac.<\/p>\n<p>&nbsp;<\/p>\n","protected":false},"excerpt":{"rendered":"<p>T\u00e4n\u00e4\u00e4n se sitten saapui. Tullia ei sitten laisin kiinnostanut paketti. DPD:n kuriiri kantoi paketin ovelle aamup\u00e4iv\u00e4st\u00e4. Laitetaan ensinm\u00e4iseksi teknist\u00e4 dataa. N\u00e4m\u00e4 tiedot ilmoitetaan pakkauksessa. Kaikki tiedot eiv\u00e4t t\u00e4sm\u00e4\u00e4 myynti-ilmoitusta, mutta katsotaan mit\u00e4 laite on sy\u00f6nyt: N\u00e4ytt\u00f6 on siis 10&#8243; laajakuva LED-kosketusn\u00e4ytt\u00f6, jonka tarkkuus on 1024 x 600 pikseli\u00e4 Prosessoriksi ilmoitetaan Arm ZT-180 1.0 GHz ja [&hellip;]<\/p>\n","protected":false},"author":2,"featured_media":0,"comment_status":"open","ping_status":"open","sticky":false,"template":"","format":"standard","meta":[],"categories":[95],"tags":[97,83,89,98,82,85,96],"_links":{"self":[{"href":"http:\/\/www.ostaulkomailta.com\/blog\/wp-json\/wp\/v2\/posts\/461"}],"collection":[{"href":"http:\/\/www.ostaulkomailta.com\/blog\/wp-json\/wp\/v2\/posts"}],"about":[{"href":"http:\/\/www.ostaulkomailta.com\/blog\/wp-json\/wp\/v2\/types\/post"}],"author":[{"embeddable":true,"href":"http:\/\/www.ostaulkomailta.com\/blog\/wp-json\/wp\/v2\/users\/2"}],"replies":[{"embeddable":true,"href":"http:\/\/www.ostaulkomailta.com\/blog\/wp-json\/wp\/v2\/comments?post=461"}],"version-history":[{"count":2,"href":"http:\/\/www.ostaulkomailta.com\/blog\/wp-json\/wp\/v2\/posts\/461\/revisions"}],"predecessor-version":[{"id":466,"href":"http:\/\/www.ostaulkomailta.com\/blog\/wp-json\/wp\/v2\/posts\/461\/revisions\/466"}],"wp:attachment":[{"href":"http:\/\/www.ostaulkomailta.com\/blog\/wp-json\/wp\/v2\/media?parent=461"}],"wp:term":[{"taxonomy":"category","embeddable":true,"href":"http:\/\/www.ostaulkomailta.com\/blog\/wp-json\/wp\/v2\/categories?post=461"},{"taxonomy":"post_tag","embeddable":true,"href":"http:\/\/www.ostaulkomailta.com\/blog\/wp-json\/wp\/v2\/tags?post=461"}],"curies":[{"name":"wp","href":"https:\/\/api.w.org\/{rel}","templated":true}]}}