{"id":3707,"date":"2015-11-03T11:02:47","date_gmt":"2015-11-03T09:02:47","guid":{"rendered":"http:\/\/www.ostaulkomailta.com\/blog\/?p=3707"},"modified":"2015-11-11T15:56:33","modified_gmt":"2015-11-11T13:56:33","slug":"postin-tyotaistelutoimet","status":"publish","type":"post","link":"http:\/\/www.ostaulkomailta.com\/blog\/postin-tyotaistelutoimet\/","title":{"rendered":"Postin ty\u00f6taistelutoimet &#8211; p\u00e4ivitetty 11.11.2015"},"content":{"rendered":"<p><img loading=\"lazy\" class=\"alignleft\" src=\"http:\/\/kasperstromman.com\/wp-content\/uploads\/2014\/12\/Postilogo.jpg\" alt=\"\" width=\"112\" height=\"56\" \/>Postin henkil\u00f6kunnan ty\u00f6taistelutoimet aiheuttavat toistaiseksi merkitt\u00e4v\u00e4\u00e4 haittaa paketti- ja kirjepostille. Ty\u00f6taistelujen ja ulosmarssien syyn\u00e4 on ty\u00f6ehtosopimusneuvottelujen kariutuminen ja Postin ajautuminen sopimuksettomaan tilaan. T\u00e4m\u00e4 aiheuttaa ongelmia postin jakelussa ja lajittelussa.<\/p>\n<p>Sopimusneuvotteluja k\u00e4yd\u00e4\u00e4n t\u00e4ll\u00e4 hetkell\u00e4 valtakunnansovittelijan avulla, mutta koska t\u00e4st\u00e4 tullee pitk\u00e4 prosessi, on ulkomailta paketteja odottelevien syyt\u00e4 varautua normaalia pidempiin toimitusaikoihin. Vakavimmat h\u00e4iri\u00f6t pakettien jakeluun aiheutuvat <a href=\"http:\/\/yle.fi\/uutiset\/postiliikenne_vaikeuksissa_lahipaivina__vantaan_ulkomaanpostissa_ulosmarsseja\/8425223\" target=\"_blank\">Ylen mukaan<\/a> Vantaan ulkomaanpostin ulosmarssista, joka k\u00e4yt\u00e4nn\u00f6ss\u00e4 lamauttaa l\u00e4hes kaiken ulkomailta saapuvan pakettiliikenteen.<\/p>\n<blockquote><p>Postin Vantaan ulkomaantuotannon ty\u00f6ntekij\u00e4t marssivat ulos ty\u00f6paikaltaan aamup\u00e4iv\u00e4ll\u00e4. P\u00e4\u00e4luottamusmies Isto Kuusiston mukaan iltap\u00e4iv\u00e4ll\u00e4 koko Vantaan logistiikkakeskus tyhjenee. Suurin osa ulkomaan posteista k\u00e4sitell\u00e4\u00e4n Vantaalla ennen niiden l\u00e4hett\u00e4mist\u00e4 eteenp\u00e4in.<\/p><\/blockquote>\n<p>Ainoastaan kuriirien kyydill\u00e4 tulevat paketit (mm. UPS, PostNord ja DPD) tulevat aikataulun mukaisesti perille. DHL:ll\u00e4 on jakelusopimus Postin kanssa, joten n\u00e4idenkin jakelussa on odotettavissa viiv\u00e4styksi\u00e4.<\/p>\n<p>Asiakkaiden tilanne t\u00e4m\u00e4n ty\u00f6taistelun keskell\u00e4 on hankala, sill\u00e4 mit\u00e4\u00e4n kiertotiet\u00e4 paketeille ei ole tarjolla. Ainoa mahdolisuus on odottaa k\u00e4rsiv\u00e4llisesti, ett\u00e4 jakelu normalisoituu ja paketit saadaan perille.<\/p>\n<h4>P\u00e4ivitys 11.11.2015<\/h4>\n<p><a href=\"http:\/\/www.pau.fi\/edunvalvonta\/tyotaisteluilmoitukset\/\" target=\"_blank\">Pau on ilmoittanut<\/a>, ett\u00e4 ensi viikon torstaina 19.11. alkava ty\u00f6taistelu kest\u00e4\u00e4 aina seuraavaan keskiviikkoon 25.11. asti. Koska ty\u00f6nseisaus vaikuttaa my\u00f6s ulkomaantuotantoon, on postin v\u00e4lityksell\u00e4 ulkomailta tulevien pakettien liikenteess\u00e4 odotettavissa viiv\u00e4styksi\u00e4.<\/p>\n<blockquote><p>PAUn ilmoittamat ty\u00f6nseisaukset- ty\u00f6nseisausten ulkopuolelle rajataan turvallisuuteen ja terveyteen liittyv\u00e4t ty\u00f6t<\/p>\n<p>Torstai 19.11. klo 16.00 &#8211; 24.00 (ty\u00f6taisteluilmoitus torstai 5.11.)<\/p>\n<p>Helsingin postikeskus ja ulkomaantuotanto<br \/>\nSiipitien ulkomaantuotanto ja hinnoittelupalvelu<br \/>\nVantaan logistiikkakeskus ja ulkomaantuotanto<br \/>\nHelsingin Veturitien terminaali<br \/>\nLiedon logistiikkakeskus ja terminaali<\/p>\n<p>Kyseisten ty\u00f6nseisausten kohteena olevia t\u00f6it\u00e4 ei suoriteta my\u00f6sk\u00e4\u00e4n muissa Postin ty\u00f6yksik\u00f6iss\u00e4<\/p>\n<p>Perjantai 20.11. klo 00.00 &#8211; 24.00 (ty\u00f6taisteluilmoitus torstai 5.11.)<\/p>\n<p>Sanomalehdenjakelu p\u00e4\u00e4kaupunkiseudulla (Helsinki, Espoo, Vantaa, Kauniainen) ja Uudellamaalla<br \/>\nHelsingin perusjakelu\/postinjakelu<br \/>\nHelsingin postikeskus ja ulkomaantuotanto<br \/>\nSiipitien ulkomaantuotanto ja hinnoittelupalvelu<br \/>\nVantaan logistiikkakeskus ja ulkomaantuotanto<br \/>\nHelsingin Veturitien terminaali<br \/>\nLiedon logistiikkakeskus ja terminaali<\/p>\n<p>Kyseisten ty\u00f6nseisausten kohteena olevia t\u00f6it\u00e4 ei suoriteta my\u00f6sk\u00e4\u00e4n muissa Postin ty\u00f6yksik\u00f6iss\u00e4<\/p>\n<p>Lauantai 21.11. klo 00.00 &#8211; 16.00 (ty\u00f6taisteluilmoitus torstai 5.11.)<\/p>\n<p>Helsingin postikeskus ja ulkomaantuotanto<br \/>\nSiipitien ulkomaantuotanto ja hinnoittelupalvelu<br \/>\nVantaan logistiikkakeskus ja ulkomaantuotanto<br \/>\nHelsingin Veturitien terminaali<br \/>\nLiedon logistiikkakeskus ja terminaali<\/p>\n<p>Lauantai 21.11. klo 00.00 &#8211; 24.00<\/p>\n<p>Sanomalehdenjakelu p\u00e4\u00e4kaupunkiseudulla (Helsinki, Espoo, Vantaa, Kauniainen) ja Uudellamaalla<\/p>\n<p>Kyseisten ty\u00f6nseisausten kohteena olevia t\u00f6it\u00e4 ei suoriteta my\u00f6sk\u00e4\u00e4n muissa Postin ty\u00f6yksik\u00f6iss\u00e4.<\/p>\n<p>Maanantai 23.11. klo 00.00 &#8211; 24.00 (ty\u00f6taisteluilmoitus sunnuntai 8.11.)<\/p>\n<p>Sanomalehdenjakelu p\u00e4\u00e4kaupunkiseudulla (Helsinki, Espoo, Vantaa, Kauniainen) ja Uudellamaalla<br \/>\nHelsingin perusjakelu\/postinjakelu<br \/>\nHelsingin postikeskus ja ulkomaantuotanto<br \/>\nSiipitien ulkomaantuotanto ja hinnoittelupalvelu<br \/>\nVantaan logistiikkakeskus ja ulkomaantuotanto<br \/>\nHelsingin Veturitien terminaali<br \/>\nLiedon logistiikkakeskus ja terminaali<\/p>\n<p>Kyseisten ty\u00f6nseisausten kohteena olevia t\u00f6it\u00e4 ei suoriteta my\u00f6sk\u00e4\u00e4n muissa Postin ty\u00f6yksik\u00f6iss\u00e4.<\/p>\n<p>Tiistai 24.11. klo 00.00 &#8211; 24.00 (ty\u00f6taisteluilmoitus maanantai 9.11.)<\/p>\n<p>Sanomalehdenjakelu p\u00e4\u00e4kaupunkiseudulla (Helsinki, Espoo, Vantaa, Kauniainen) ja Uudellamaalla<br \/>\nHelsingin perusjakelu\/postinjakelu<br \/>\nHelsingin postikeskus ja ulkomaantuotanto<br \/>\nSiipitien ulkomaantuotanto ja hinnoittelupalvelu<br \/>\nVantaan logistiikkakeskus ja ulkomaantuotanto<br \/>\nHelsingin Veturitien terminaali<br \/>\nLiedon logistiikkakeskus ja terminaali<\/p>\n<p>Kyseisten ty\u00f6nseisausten kohteena olevia t\u00f6it\u00e4 ei suoriteta my\u00f6sk\u00e4\u00e4n muissa Postin ty\u00f6yksik\u00f6iss\u00e4.<br \/>\nKeskiviikko 25.11. klo 00.00 &#8211; 24.00 (ty\u00f6taisteluilmoitus tiistai 10.11.)<\/p>\n<p>Sanomalehdenjakelu p\u00e4\u00e4kaupunkiseudulla (Helsinki, Espoo, Vantaa, Kauniainen) ja Uudellamaalla<br \/>\nHelsingin perusjakelu\/postinjakelu<br \/>\nHelsingin postikeskus ja ulkomaantuotanto<br \/>\nSiipitien ulkomaantuotanto ja hinnoittelupalvelu<br \/>\nVantaan logistiikkakeskus ja ulkomaantuotanto<br \/>\nHelsingin Veturitien terminaali<br \/>\nLiedon logistiikkakeskus ja terminaali<\/p>\n<p>Kyseisten ty\u00f6nseisausten kohteena olevia t\u00f6it\u00e4 ei suoriteta my\u00f6sk\u00e4\u00e4n muissa Postin ty\u00f6yksik\u00f6iss\u00e4.<\/p><\/blockquote>\n","protected":false},"excerpt":{"rendered":"<p>Postin henkil\u00f6kunnan ty\u00f6taistelutoimet aiheuttavat toistaiseksi merkitt\u00e4v\u00e4\u00e4 haittaa paketti- ja kirjepostille. Ty\u00f6taistelujen ja ulosmarssien syyn\u00e4 on ty\u00f6ehtosopimusneuvottelujen kariutuminen ja Postin ajautuminen sopimuksettomaan tilaan. T\u00e4m\u00e4 aiheuttaa ongelmia postin jakelussa ja lajittelussa. Sopimusneuvotteluja k\u00e4yd\u00e4\u00e4n t\u00e4ll\u00e4 hetkell\u00e4 valtakunnansovittelijan avulla, mutta koska t\u00e4st\u00e4 tullee pitk\u00e4 prosessi, on ulkomailta paketteja odottelevien syyt\u00e4 varautua normaalia pidempiin toimitusaikoihin. Vakavimmat h\u00e4iri\u00f6t pakettien jakeluun aiheutuvat [&hellip;]<\/p>\n","protected":false},"author":1,"featured_media":0,"comment_status":"open","ping_status":"closed","sticky":false,"template":"","format":"standard","meta":[],"categories":[57,383],"tags":[518,519,514,516,123,512,515,18,517,513,25],"_links":{"self":[{"href":"http:\/\/www.ostaulkomailta.com\/blog\/wp-json\/wp\/v2\/posts\/3707"}],"collection":[{"href":"http:\/\/www.ostaulkomailta.com\/blog\/wp-json\/wp\/v2\/posts"}],"about":[{"href":"http:\/\/www.ostaulkomailta.com\/blog\/wp-json\/wp\/v2\/types\/post"}],"author":[{"embeddable":true,"href":"http:\/\/www.ostaulkomailta.com\/blog\/wp-json\/wp\/v2\/users\/1"}],"replies":[{"embeddable":true,"href":"http:\/\/www.ostaulkomailta.com\/blog\/wp-json\/wp\/v2\/comments?post=3707"}],"version-history":[{"count":8,"href":"http:\/\/www.ostaulkomailta.com\/blog\/wp-json\/wp\/v2\/posts\/3707\/revisions"}],"predecessor-version":[{"id":3735,"href":"http:\/\/www.ostaulkomailta.com\/blog\/wp-json\/wp\/v2\/posts\/3707\/revisions\/3735"}],"wp:attachment":[{"href":"http:\/\/www.ostaulkomailta.com\/blog\/wp-json\/wp\/v2\/media?parent=3707"}],"wp:term":[{"taxonomy":"category","embeddable":true,"href":"http:\/\/www.ostaulkomailta.com\/blog\/wp-json\/wp\/v2\/categories?post=3707"},{"taxonomy":"post_tag","embeddable":true,"href":"http:\/\/www.ostaulkomailta.com\/blog\/wp-json\/wp\/v2\/tags?post=3707"}],"curies":[{"name":"wp","href":"https:\/\/api.w.org\/{rel}","templated":true}]}}