{"id":359,"date":"2011-10-23T23:57:43","date_gmt":"2011-10-23T20:57:43","guid":{"rendered":"http:\/\/www.ostaulkomailta.com\/blog\/?p=359"},"modified":"2011-10-24T00:00:34","modified_gmt":"2011-10-23T21:00:34","slug":"nytko-se-jo-alkaa","status":"publish","type":"post","link":"http:\/\/www.ostaulkomailta.com\/blog\/nytko-se-jo-alkaa\/","title":{"rendered":"Nytk\u00f6 se jo alkoi&#8230;"},"content":{"rendered":"<p>Tuli t\u00e4n\u00e4\u00e4n k\u00e4yty\u00e4 pikapikaa ruokaostoksilla paikallisessa hirmumarketissa. Joulukoristeet, -kalenterit, karkit ja muu aiheeseen liittyv\u00e4 kr\u00e4\u00e4s\u00e4 oli nostettu (t\u00e4n\u00e4\u00e4n) niin n\u00e4ytt\u00e4v\u00e4sti esille ett\u00e4 pahaa teki.<\/p>\n<p>Verkkokaupoissa kahden kuukauden varoajan ymm\u00e4rt\u00e4\u00e4, mutta ett\u00e4 Citymarket? Hei ihan oikeasti &#8211; jotain rajaa&#8230;<\/p>\n","protected":false},"excerpt":{"rendered":"<p>Tuli t\u00e4n\u00e4\u00e4n k\u00e4yty\u00e4 pikapikaa ruokaostoksilla paikallisessa hirmumarketissa. Joulukoristeet, -kalenterit, karkit ja muu aiheeseen liittyv\u00e4 kr\u00e4\u00e4s\u00e4 oli nostettu (t\u00e4n\u00e4\u00e4n) niin n\u00e4ytt\u00e4v\u00e4sti esille ett\u00e4 pahaa teki. Verkkokaupoissa kahden kuukauden varoajan ymm\u00e4rt\u00e4\u00e4, mutta ett\u00e4 Citymarket? Hei ihan oikeasti &#8211; jotain rajaa&#8230;<\/p>\n","protected":false},"author":1,"featured_media":0,"comment_status":"open","ping_status":"open","sticky":false,"template":"","format":"standard","meta":[],"categories":[59],"tags":[77,60,76],"_links":{"self":[{"href":"http:\/\/www.ostaulkomailta.com\/blog\/wp-json\/wp\/v2\/posts\/359"}],"collection":[{"href":"http:\/\/www.ostaulkomailta.com\/blog\/wp-json\/wp\/v2\/posts"}],"about":[{"href":"http:\/\/www.ostaulkomailta.com\/blog\/wp-json\/wp\/v2\/types\/post"}],"author":[{"embeddable":true,"href":"http:\/\/www.ostaulkomailta.com\/blog\/wp-json\/wp\/v2\/users\/1"}],"replies":[{"embeddable":true,"href":"http:\/\/www.ostaulkomailta.com\/blog\/wp-json\/wp\/v2\/comments?post=359"}],"version-history":[{"count":6,"href":"http:\/\/www.ostaulkomailta.com\/blog\/wp-json\/wp\/v2\/posts\/359\/revisions"}],"predecessor-version":[{"id":371,"href":"http:\/\/www.ostaulkomailta.com\/blog\/wp-json\/wp\/v2\/posts\/359\/revisions\/371"}],"wp:attachment":[{"href":"http:\/\/www.ostaulkomailta.com\/blog\/wp-json\/wp\/v2\/media?parent=359"}],"wp:term":[{"taxonomy":"category","embeddable":true,"href":"http:\/\/www.ostaulkomailta.com\/blog\/wp-json\/wp\/v2\/categories?post=359"},{"taxonomy":"post_tag","embeddable":true,"href":"http:\/\/www.ostaulkomailta.com\/blog\/wp-json\/wp\/v2\/tags?post=359"}],"curies":[{"name":"wp","href":"https:\/\/api.w.org\/{rel}","templated":true}]}}