{"id":3250,"date":"2014-11-20T14:06:47","date_gmt":"2014-11-20T12:06:47","guid":{"rendered":"http:\/\/www.ostaulkomailta.com\/blog\/?p=3250"},"modified":"2014-11-21T11:58:43","modified_gmt":"2014-11-21T09:58:43","slug":"kybermaanantai","status":"publish","type":"post","link":"http:\/\/www.ostaulkomailta.com\/blog\/kybermaanantai\/","title":{"rendered":"Kybermaanantai"},"content":{"rendered":"<p><img loading=\"lazy\" class=\"rg_i alignleft\" src=\"https:\/\/encrypted-tbn3.gstatic.com\/images?q=tbn:ANd9GcSg9UNVSBa5xlNyPmzZA9uU0Eor5sdrAUX2eSywtvRzVtjHXBwM4A\" alt=\"\" width=\"135\" height=\"129\" name=\"SUFvpgz4DP0n4M:\" data-src=\"https:\/\/encrypted-tbn3.gstatic.com\/images?q=tbn:ANd9GcSg9UNVSBa5xlNyPmzZA9uU0Eor5sdrAUX2eSywtvRzVtjHXBwM4A\" data-sz=\"f\" \/>Foorumilla ja blogissa on jo parina vuonna k\u00e4sitelty Yhdysvaltojen kiitosp\u00e4iv\u00e4n viikonlopun ostoshurmaa. T\u00e4m\u00e4 megalomaaninen alennusmyyntitapahtuma koostuu kahdesta p\u00e4iv\u00e4st\u00e4, kivijalan Black Fridayst\u00e4 ja verkon Cyber Mondaysta. Jenkkil\u00e4ss\u00e4 tapahtumat ovat pikkuhiljaa sulautumassa yhdeksi koko viikonlopun mittaiseksi kampanjaksi, mutta t\u00e4\u00e4ll\u00e4 Suomessa tapahtuma esiintyy viel\u00e4 l\u00e4hinn\u00e4 mainosten sivulauseissa.<\/p>\n<p>Kaupan ahdinko on ilmeisesti saanut Suomessakin\u00a0 markkinamiehet her\u00e4\u00e4m\u00e4\u00e4n, sill\u00e4 t\u00e4n\u00e4 syksyn\u00e4 lehdist\u00f6ss\u00e4 on ensimm\u00e4iset kerrat mainittu kotimainen<a href=\"http:\/\/www.talouselama.fi\/uutiset\/joululahjat+klikataan+verkosta+tasta+paivasta+tuli+suomalaisten+kybermaanantai\/a2277215\" target=\"_blank\"> kybermaanantai<\/a>. Kotimainen verkkokauppa tuskin l\u00e4htee samanlaiselle alennusmyyntilinjalle, kuin kaupat USA:ssa, joten tapahtuma j\u00e4\u00e4nee viel\u00e4 vaisuksi. Kovat tarjoukset nimitt\u00e4in ovat syyn\u00e4 t\u00e4m\u00e4n p\u00e4iv\u00e4n hurmoshenkisyyteen tuolla rapakon takana.<\/p>\n<p>Kuluttajana toki otan &#8211; ja varmaan moni muukin ottaisi iloisena vastaan vastaavan kampanjan t\u00e4nne kotimaahan. Saisihan sen avulla hankittua lahjat edullisemmin. Se, ett\u00e4 kannattaako siit\u00e4 v\u00e4ltt\u00e4mtt\u00e4 puhua kybermaanantaina on tietysti v\u00e4h\u00e4n niin ja n\u00e4in &#8211; varsinkin jos se yritet\u00e4\u00e4n istuttaa itsen\u00e4isyysp\u00e4iv\u00e4n tai veronpalautusten kylkeen. N\u00e4ill\u00e4 p\u00e4ivill\u00e4 on nimitt\u00e4in taipumus surffailla pitkin viikkoa. Hyv\u00e4n\u00e4 esimerkkin\u00e4 k\u00e4y se, ett\u00e4 nyt kybermaanantaita sijoitetaan 8.12.2014 p\u00e4iv\u00e4m\u00e4\u00e4r\u00e4\u00e4n. T\u00e4t\u00e4 maanantaita hehkutetaan hyv\u00e4n\u00e4 kauppap\u00e4iv\u00e4n\u00e4, koska veronpalautukset ovat tileill\u00e4 ja pitk\u00e4 viikonloppu on takana. Mutta mihin kybermaanantai sijoitetaan vaikka 2017 alkaen kun itsen\u00e4isyysp\u00e4iv\u00e4 osuu alkuviikkoon? Alkaako kauppa silloin puhua kyberkeskiviikosta?<\/p>\n<p>Pankkien tilisiirtojen tehokkuuden ansiosta veronpalautukset ovat 99% varmuudella tileill\u00e4 jo 5.12., joten kotimainen kauppa voisi kehitt\u00e4\u00e4 jonkun ihka suomalaisen tapahtuman itsen\u00e4isyysp\u00e4iv\u00e4\u00e4n ja vaikka sit\u00e4 seuraaviin arkip\u00e4iviin. Juhlapyh\u00e4n\u00e4 itsen\u00e4isyysp\u00e4iv\u00e4 on kuitenkin varsin tapahtumak\u00f6yh\u00e4 ja suurin osa viett\u00e4\u00e4 sen kotona mm. Linnan juhlia seuraten. T\u00e4h\u00e4n tylsyyteen sopisi mainiosti hyvin tuotettu kyber-itsen\u00e4isyysp\u00e4iv\u00e4, jota ulkomaisten verkkokauppojen paineessa operoiva kauppa voisi viel\u00e4 tehostaa jonkinlaisella kansallisuusteemalla. Ole patriootti &#8211; osta Suomesta tai jotain muuta yht\u00e4 nasevaa.<\/p>\n<p>29.11. &#8211; 01.12.2014 vietett\u00e4v\u00e4 Black Friday ja Cyber Monday ovat tapahtumina kuitenkin sellaisia, ett\u00e4 samalla kun odottelee kotimaisen kaupan vastaiskua, voi niist\u00e4 tehd\u00e4 edullisiakin hankintoja. USA:sta tilavaan kannattaa vain muistaa se, ett\u00e4 tullit ja alv:t on tarvittaessa maksettava. Aiheesta kiinnostuneiden kannattaa lukea vaikka viime syksyn juttu <a href=\"http:\/\/www.ostaulkomailta.com\/blog\/black-friday-cyber-monday\/\" target=\"_blank\">Black Friday &amp; Cyber Monday<\/a>, jossa on tilausprosessia ja mukana olevia kauppoja k\u00e4sitelty hieman tarkemmin.<\/p>\n","protected":false},"excerpt":{"rendered":"<p>Foorumilla ja blogissa on jo parina vuonna k\u00e4sitelty Yhdysvaltojen kiitosp\u00e4iv\u00e4n viikonlopun ostoshurmaa. T\u00e4m\u00e4 megalomaaninen alennusmyyntitapahtuma koostuu kahdesta p\u00e4iv\u00e4st\u00e4, kivijalan Black Fridayst\u00e4 ja verkon Cyber Mondaysta. Jenkkil\u00e4ss\u00e4 tapahtumat ovat pikkuhiljaa sulautumassa yhdeksi koko viikonlopun mittaiseksi kampanjaksi, mutta t\u00e4\u00e4ll\u00e4 Suomessa tapahtuma esiintyy viel\u00e4 l\u00e4hinn\u00e4 mainosten sivulauseissa. Kaupan ahdinko on ilmeisesti saanut Suomessakin\u00a0 markkinamiehet her\u00e4\u00e4m\u00e4\u00e4n, sill\u00e4 t\u00e4n\u00e4 syksyn\u00e4 [&hellip;]<\/p>\n","protected":false},"author":1,"featured_media":0,"comment_status":"open","ping_status":"closed","sticky":false,"template":"","format":"standard","meta":[],"categories":[57,383],"tags":[398,397,60,469,18,286,25],"_links":{"self":[{"href":"http:\/\/www.ostaulkomailta.com\/blog\/wp-json\/wp\/v2\/posts\/3250"}],"collection":[{"href":"http:\/\/www.ostaulkomailta.com\/blog\/wp-json\/wp\/v2\/posts"}],"about":[{"href":"http:\/\/www.ostaulkomailta.com\/blog\/wp-json\/wp\/v2\/types\/post"}],"author":[{"embeddable":true,"href":"http:\/\/www.ostaulkomailta.com\/blog\/wp-json\/wp\/v2\/users\/1"}],"replies":[{"embeddable":true,"href":"http:\/\/www.ostaulkomailta.com\/blog\/wp-json\/wp\/v2\/comments?post=3250"}],"version-history":[{"count":16,"href":"http:\/\/www.ostaulkomailta.com\/blog\/wp-json\/wp\/v2\/posts\/3250\/revisions"}],"predecessor-version":[{"id":3268,"href":"http:\/\/www.ostaulkomailta.com\/blog\/wp-json\/wp\/v2\/posts\/3250\/revisions\/3268"}],"wp:attachment":[{"href":"http:\/\/www.ostaulkomailta.com\/blog\/wp-json\/wp\/v2\/media?parent=3250"}],"wp:term":[{"taxonomy":"category","embeddable":true,"href":"http:\/\/www.ostaulkomailta.com\/blog\/wp-json\/wp\/v2\/categories?post=3250"},{"taxonomy":"post_tag","embeddable":true,"href":"http:\/\/www.ostaulkomailta.com\/blog\/wp-json\/wp\/v2\/tags?post=3250"}],"curies":[{"name":"wp","href":"https:\/\/api.w.org\/{rel}","templated":true}]}}