{"id":2672,"date":"2014-08-22T08:15:51","date_gmt":"2014-08-22T05:15:51","guid":{"rendered":"http:\/\/www.ostaulkomailta.com\/blog\/?p=2672"},"modified":"2014-08-22T08:25:21","modified_gmt":"2014-08-22T05:25:21","slug":"verkkokauppaindeksi-q2-2014-vilkas-group","status":"publish","type":"post","link":"http:\/\/www.ostaulkomailta.com\/blog\/verkkokauppaindeksi-q2-2014-vilkas-group\/","title":{"rendered":"Verkkokauppaindeksi Q2 2014 (Vilkas Group)"},"content":{"rendered":"<p>Normaalisti <a href=\"http:\/\/www.vilkas.fi\/\" target=\"_blank\">Vilkas<\/a> on saanut kaikki verkkokauppaindeksins\u00e4 julki hyvinkin nopeasti, mutta t\u00e4m\u00e4 kes\u00e4 ja Q2 tekee poikkeuksen. Jostain syyst\u00e4 indeksi\u00e4 ei ole julkaistu lainkaan yhti\u00f6n verkkosivuilla, eik\u00e4 mink\u00e4\u00e4nlaista analyysi\u00e4k\u00e4\u00e4n t\u00e4st\u00e4 indeksist\u00e4 irronnut. Ainoastaan <a href=\"https:\/\/www.facebook.com\/vilkasgroup\" target=\"_blank\">Vilkas Groupin facebook-sivuilla<\/a> indeksist\u00e4 kerrotaan 1.7.2014 julkaistussa statuksessa seuraavaa:<\/p>\n<blockquote><p><span class=\"userContent\" data-ft=\"{&quot;tn&quot;:&quot;K&quot;}\">Verkkokauppa hyv\u00e4ss\u00e4 kasvussa Q2\/2014. Verkkokauppaindeksi kasvoi +9,43% verrattuna viime vuoden vastaavaan ajankohtaan.<\/span><\/p><\/blockquote>\n<p>Vuonna 2013 Q2 indeksi junnasi taantuman vuoksi paikallaan ja t\u00e4m\u00e4n vuoden Q1 putosi suhteellisen rajusti, joten yli 9 prosentin nousua voidaan pit\u00e4\u00e4 pienen\u00e4 ihmeen\u00e4. Indeksin kasvusta on vaikea sanoa mit\u00e4\u00e4n ilman normaaleja Vilkas Groupin julkaisemia taustatietoja. Nyt emme tied\u00e4, mik\u00e4 on ostoskorin kehitys, tilauskertojen m\u00e4\u00e4r\u00e4 tai ennuste tulevasta, joten totuttu indeksin tutkiminen ja kommentointi ei meilt\u00e4k\u00e4\u00e4n onnistu.<\/p>\n<p>Indeksin kova kasvu keskell\u00e4 pahenevaa taantumaa on kuitenkin pakko kyseenalaistaa. Ulkomaisten verkkokauppojen imu on edelleen kova, kaikki suuretkin kotimaisen kaupan toimijat verkkokauppoinensa ovat v\u00e4hint\u00e4\u00e4nkin pieniss\u00e4 ongelmissa ja kotimaan ostovoima jatkaa laskuaan.Vilkas Group on toki kasvava yritys, joka saa siipiens\u00e4 alle koko ajan lis\u00e4\u00e4 yrityksi\u00e4, joten indeksin kasvu voi johtua t\u00e4st\u00e4, tai sitten Markku Korkiakoski on jostain syyst\u00e4 vet\u00e4issyt luvut ns. hatusta. T\u00e4h\u00e4n en kuitenkaan usko, mutta joku Vilkas Groupin toiminnassa on kes\u00e4n aikana ollut tavallisesta poikkeavaa.<\/p>\n<p>Verkkokauppojen luotettavuuden tutkiminen on ehk\u00e4 t\u00e4rkein osa t\u00e4m\u00e4n sivuston toimintaa. Moni lupaavalta vaikuttava verkkokauppa tulee hyl\u00e4tty\u00e4 siit\u00e4 yksinkertaisesta syyst\u00e4, ett\u00e4 kaupan sivuja ei ole p\u00e4ivitetty kuukausiin. Monen verkkokaupan &#8221;emoyhti\u00f6&#8221; Vilkas Group lopetti sivujensa p\u00e4ivityksen yli kahdeksi kuukaudeksi kes\u00e4-elokuussa. Toivottavasti t\u00e4m\u00e4 oli vain hetkellinen kes\u00e4lomakauden aikaan saama h\u00e4iri\u00f6, eik\u00e4 merkki mist\u00e4\u00e4n vakavammasta.<\/p>\n<p>Tosin, yksik\u00e4\u00e4n verkkokauppa tai niihin mill\u00e4\u00e4n tavalla kytk\u00f6ksiss\u00e4 oleva yhti\u00f6 ei saisi antaa merkki\u00e4 siit\u00e4, ett\u00e4 toiminta pys\u00e4htyy kes\u00e4ll\u00e4. Kotimainen verkkokauppa on valitettavan usein niin hidas, ett\u00e4 vaihtoehtoja on pakko hakea. Ja niit\u00e4h\u00e4n verkko on pullollaan.<\/p>\n","protected":false},"excerpt":{"rendered":"<p>Normaalisti Vilkas on saanut kaikki verkkokauppaindeksins\u00e4 julki hyvinkin nopeasti, mutta t\u00e4m\u00e4 kes\u00e4 ja Q2 tekee poikkeuksen. Jostain syyst\u00e4 indeksi\u00e4 ei ole julkaistu lainkaan yhti\u00f6n verkkosivuilla, eik\u00e4 mink\u00e4\u00e4nlaista analyysi\u00e4k\u00e4\u00e4n t\u00e4st\u00e4 indeksist\u00e4 irronnut. Ainoastaan Vilkas Groupin facebook-sivuilla indeksist\u00e4 kerrotaan 1.7.2014 julkaistussa statuksessa seuraavaa: Verkkokauppa hyv\u00e4ss\u00e4 kasvussa Q2\/2014. Verkkokauppaindeksi kasvoi +9,43% verrattuna viime vuoden vastaavaan ajankohtaan. Vuonna 2013 [&hellip;]<\/p>\n","protected":false},"author":1,"featured_media":0,"comment_status":"open","ping_status":"closed","sticky":false,"template":"","format":"standard","meta":[],"categories":[57,383],"tags":[409,42,370,369,368],"_links":{"self":[{"href":"http:\/\/www.ostaulkomailta.com\/blog\/wp-json\/wp\/v2\/posts\/2672"}],"collection":[{"href":"http:\/\/www.ostaulkomailta.com\/blog\/wp-json\/wp\/v2\/posts"}],"about":[{"href":"http:\/\/www.ostaulkomailta.com\/blog\/wp-json\/wp\/v2\/types\/post"}],"author":[{"embeddable":true,"href":"http:\/\/www.ostaulkomailta.com\/blog\/wp-json\/wp\/v2\/users\/1"}],"replies":[{"embeddable":true,"href":"http:\/\/www.ostaulkomailta.com\/blog\/wp-json\/wp\/v2\/comments?post=2672"}],"version-history":[{"count":8,"href":"http:\/\/www.ostaulkomailta.com\/blog\/wp-json\/wp\/v2\/posts\/2672\/revisions"}],"predecessor-version":[{"id":2680,"href":"http:\/\/www.ostaulkomailta.com\/blog\/wp-json\/wp\/v2\/posts\/2672\/revisions\/2680"}],"wp:attachment":[{"href":"http:\/\/www.ostaulkomailta.com\/blog\/wp-json\/wp\/v2\/media?parent=2672"}],"wp:term":[{"taxonomy":"category","embeddable":true,"href":"http:\/\/www.ostaulkomailta.com\/blog\/wp-json\/wp\/v2\/categories?post=2672"},{"taxonomy":"post_tag","embeddable":true,"href":"http:\/\/www.ostaulkomailta.com\/blog\/wp-json\/wp\/v2\/tags?post=2672"}],"curies":[{"name":"wp","href":"https:\/\/api.w.org\/{rel}","templated":true}]}}