{"id":244,"date":"2011-10-14T19:38:01","date_gmt":"2011-10-14T16:38:01","guid":{"rendered":"http:\/\/www.ostaulkomailta.com\/blog\/?p=244"},"modified":"2012-01-10T15:25:43","modified_gmt":"2012-01-10T13:25:43","slug":"ocz-vertex-ii-ssd-kovalevy","status":"publish","type":"post","link":"http:\/\/www.ostaulkomailta.com\/blog\/ocz-vertex-ii-ssd-kovalevy\/","title":{"rendered":"OCZ Vertex SSD kovalevy"},"content":{"rendered":"<p><a href=\"http:\/\/www.ostaulkomailta.com\/blog\/wp-content\/uploads\/2011\/10\/Vertex2.jpg\"><img loading=\"lazy\" class=\"size-thumbnail wp-image-247 alignleft\" title=\"Vertex2\" src=\"http:\/\/www.ostaulkomailta.com\/blog\/wp-content\/uploads\/2011\/10\/Vertex2-150x150.jpg\" alt=\"\" width=\"90\" height=\"90\" \/><\/a>Nonni. Tuon HTPC:n ja sen eriskummallisuuksien kanssa tappelu alkanee vissiin saamaan viimeisen luvun. Tammikuussa 2011 ostettu OCZ Vertex SSD-levy on siis mit\u00e4 ilmeisimmin rikki ja se on aiheuttanut nuo lukuisat ongelmat joita on esiintynyt. Viat ei tosiaan olleet mit\u00e4\u00e4n normaaleita merkkej\u00e4 kovalevyn hajoamisesta ja siksi en tuota levy\u00e4 osannut edes syytt\u00e4\u00e4 ongelmista. Myyj\u00e4n huolto kehoitti ajamaan kovalevyn diagnostiikka-ohjelman. Vikaa ei sen mukaan ole. Levy l\u00e4htee takaisin liikkeeseen ensi viikolla ja katsotaan mit\u00e4 tapahtumaksi.<\/p>\n<p>&nbsp;<\/p>\n<p>&nbsp;<\/p>\n","protected":false},"excerpt":{"rendered":"<p>Nonni. Tuon HTPC:n ja sen eriskummallisuuksien kanssa tappelu alkanee vissiin saamaan viimeisen luvun. Tammikuussa 2011 ostettu OCZ Vertex SSD-levy on siis mit\u00e4 ilmeisimmin rikki ja se on aiheuttanut nuo lukuisat ongelmat joita on esiintynyt. Viat ei tosiaan olleet mit\u00e4\u00e4n normaaleita merkkej\u00e4 kovalevyn hajoamisesta ja siksi en tuota levy\u00e4 osannut edes syytt\u00e4\u00e4 ongelmista. Myyj\u00e4n huolto kehoitti [&hellip;]<\/p>\n","protected":false},"author":2,"featured_media":0,"comment_status":"open","ping_status":"open","sticky":false,"template":"","format":"standard","meta":[],"categories":[22],"tags":[56,53,55,54],"_links":{"self":[{"href":"http:\/\/www.ostaulkomailta.com\/blog\/wp-json\/wp\/v2\/posts\/244"}],"collection":[{"href":"http:\/\/www.ostaulkomailta.com\/blog\/wp-json\/wp\/v2\/posts"}],"about":[{"href":"http:\/\/www.ostaulkomailta.com\/blog\/wp-json\/wp\/v2\/types\/post"}],"author":[{"embeddable":true,"href":"http:\/\/www.ostaulkomailta.com\/blog\/wp-json\/wp\/v2\/users\/2"}],"replies":[{"embeddable":true,"href":"http:\/\/www.ostaulkomailta.com\/blog\/wp-json\/wp\/v2\/comments?post=244"}],"version-history":[{"count":10,"href":"http:\/\/www.ostaulkomailta.com\/blog\/wp-json\/wp\/v2\/posts\/244\/revisions"}],"predecessor-version":[{"id":586,"href":"http:\/\/www.ostaulkomailta.com\/blog\/wp-json\/wp\/v2\/posts\/244\/revisions\/586"}],"wp:attachment":[{"href":"http:\/\/www.ostaulkomailta.com\/blog\/wp-json\/wp\/v2\/media?parent=244"}],"wp:term":[{"taxonomy":"category","embeddable":true,"href":"http:\/\/www.ostaulkomailta.com\/blog\/wp-json\/wp\/v2\/categories?post=244"},{"taxonomy":"post_tag","embeddable":true,"href":"http:\/\/www.ostaulkomailta.com\/blog\/wp-json\/wp\/v2\/tags?post=244"}],"curies":[{"name":"wp","href":"https:\/\/api.w.org\/{rel}","templated":true}]}}