{"id":1970,"date":"2013-07-16T19:02:19","date_gmt":"2013-07-16T16:02:19","guid":{"rendered":"http:\/\/www.ostaulkomailta.com\/blog\/?p=1970"},"modified":"2014-02-14T16:49:55","modified_gmt":"2014-02-14T14:49:55","slug":"oikaisu-tuontiraja-asiaan","status":"publish","type":"post","link":"http:\/\/www.ostaulkomailta.com\/blog\/oikaisu-tuontiraja-asiaan\/","title":{"rendered":"Oikaisu tuontiraja-asiaan"},"content":{"rendered":"<p>Kuten tiedet\u00e4\u00e4n, niin t\u00e4m\u00e4n vuoden alussa astui voimaan laki uusista tuontirajoista. Lakitekstiss\u00e4 tuontirajasta puhutaan kahdella tapaa, toisaalta puhutaan lain s\u00e4\u00e4t\u00e4misajankohdan aikana voimassa olleesta 22 eurosta, mutta lis\u00e4ksi laissa on momentti, jossa sanotaan alimman kannettavan alv:n arvoksi viisi euroa. Vanhan lain voimassaollessa tuontiraja muuttui aina alv:n muuttuessa, joten oletin, ett\u00e4 nykyisetkin tuontirajat k\u00e4ytt\u00e4ytyv\u00e4t samoin. Koska tullin sivuilla puhutaan sitke\u00e4sti 22 euron rajasta, oli asia tarkistettava suoraan sylttytehtaalta.<\/p>\n<p>Foorumilainen K-pax laittoi tullille asiasta tiedustelun ja vastaus oli, ett\u00e4 <strong>alinta viiden euron kantorajaa ei k\u00e4ytet\u00e4, vaan ett\u00e4 rajana k\u00e4ytet\u00e4\u00e4n lain s\u00e4\u00e4t\u00e4misajankohdan mukaista 22 euroa.<\/strong><\/p>\n<blockquote>\n<div>Kiitos yhteydenotostanne. Kyseess\u00e4 on kaksi hieman eri asiaa. Esitteess\u00e4 ilmoitettu 22 euron arvoraja on voimassa oleva. Arvonlis\u00e4verolain mukaan 1.1.2013 l\u00e4htien arvonlis\u00e4veroa ei ole kannettu l\u00e4hetyksist\u00e4, joiden tavaroiden arvo on enint\u00e4\u00e4n 22 euroa. Arvonlis\u00e4veroa kannetaan siis l\u00e4hetyksist\u00e4, kun tavaroiden arvo ylitt\u00e4\u00e4 22 euroa (aikaisemmin 43,45 euroa). Ohessa linkki arvonlis\u00e4verolakiin: <a href=\"http:\/\/www.finlex.fi\/fi\/laki\/ajantasa\/1993\/19931501\" rel=\"nofollow\">http:\/\/www.finlex.fi\/fi\/laki\/ajantasa\/1993\/19931501<\/a>Arvonlis\u00e4verolakiin on my\u00f6s tehty muutos, jonka mukaan 1.1.2013 alkaen tavaran maahantuonnissa pienin kannettava tai peritt\u00e4v\u00e4 arvonlis\u00e4veron m\u00e4\u00e4r\u00e4 on 5 euroa.<br \/>\n<a href=\"http:\/\/www.tulli.fi\/fi\/suomen_tulli\/julkaisut_ja_esitteet\/THT\/tht_arkisto\/THT_2011\/tiedotteet_2011\/06601011\/index.html\" rel=\"nofollow\">http:\/\/www.tulli.fi\/fi\/suomen_tulli\/jul &#8230; index.html<\/a>Eli mik\u00e4li l\u00e4hetyksenne tavaroiden arvo on enint\u00e4\u00e4n 22 euroa, arvonlis\u00e4veroa ei kanneta.<\/p>\n<\/div>\n<\/blockquote>\n<div>Yritin tullin linkkej\u00e4 tutkimalla selvitt\u00e4\u00e4, miksi raja on 22, eik\u00e4 aiemmin kertomani 20,79 euroa, mutta asiaan ei n\u00e4ill\u00e4 l\u00e4hteill\u00e4 saa suoraa vastausta. Ilmeisesti kyse on vain siit\u00e4, ett\u00e4 tulli tulkitsee lain niin, ett\u00e4 raja on lakiesityksess\u00e4kin esiintyv\u00e4 22 euroa. Lakitekstiin ja tullin omiin ohjeisiin n\u00e4hden t\u00e4ss\u00e4 on kyll\u00e4 pieni ristiriita.<\/div>\n<blockquote>\n<div>Nykyinen arvonlis\u00e4veron minimikantoraja tavaran maahantuonnissa laskee nykyisest\u00e4 10 eurosta 5 euroon 1.1.2013. T\u00e4t\u00e4 koskeva laki arvonlis\u00e4verolain muuttamisesta\u00a0 nro 267\/2011 on annettu 25 p\u00e4iv\u00e4n\u00e4 maaliskuuta 2011.<\/div>\n<div>\n<p>Lailla arvonlis\u00e4verolain muuttamisesta arvonlis\u00e4verolakiin lis\u00e4t\u00e4\u00e4n uusi 101 b pyk\u00e4l\u00e4. S\u00e4\u00e4nn\u00f6ksen mukaan tavaran maahantuonnin arvonlis\u00e4verotuksessa pienin kannettava tai peritt\u00e4v\u00e4 veron m\u00e4\u00e4r\u00e4 on 5 euroa. T\u00e4t\u00e4 rajaa ei sovelleta tulliasetuksen (1543\/1994) 2 \u00a7:n 2 momentissa tarkoitetuissa tilanteissa.<\/p>\n<p>Tulliasetuksen 2 \u00a7:n 2 momenttia on muutettu 17.11.2010 voimaan tulleella Valtioneuvoston asetuksella N:o 961\/2010.<\/p>\n<p>Arvonlis\u00e4verolain 101 b \u00a7 koskee tavaran maahantuontia Suomeen EU:n tulli- ja arvolis\u00e4veroalueen ulkopuolelta, tuontia Ahvenanmaalta Manner-Suomeen ja p\u00e4invastoin sek\u00e4 tuontia Suomeen muualta EU:n tullialueelta, mutta arvonlis\u00e4veroalueen ulkopuolelta.<\/p><\/div>\n<\/blockquote>\n<div>Asiakkaallehan suurempi raja on hyv\u00e4 uutinen. Toivottavasti tulli pit\u00e4\u00e4 linjastaan kiini, eik\u00e4 ala tulevaisuudessa muuttamaan laskentatapaansa tai perim\u00e4\u00e4n j\u00e4lkik\u00e4teen &#8221;v\u00e4\u00e4rin&#8221; kannettuja veroja.<\/div>\n<div><\/div>\n","protected":false},"excerpt":{"rendered":"<p>Kuten tiedet\u00e4\u00e4n, niin t\u00e4m\u00e4n vuoden alussa astui voimaan laki uusista tuontirajoista. Lakitekstiss\u00e4 tuontirajasta puhutaan kahdella tapaa, toisaalta puhutaan lain s\u00e4\u00e4t\u00e4misajankohdan aikana voimassa olleesta 22 eurosta, mutta lis\u00e4ksi laissa on momentti, jossa sanotaan alimman kannettavan alv:n arvoksi viisi euroa. Vanhan lain voimassaollessa tuontiraja muuttui aina alv:n muuttuessa, joten oletin, ett\u00e4 nykyisetkin tuontirajat k\u00e4ytt\u00e4ytyv\u00e4t samoin. Koska tullin [&hellip;]<\/p>\n","protected":false},"author":1,"featured_media":0,"comment_status":"open","ping_status":"closed","sticky":false,"template":"","format":"standard","meta":[],"categories":[57,383],"tags":[308,69,367,70,292],"_links":{"self":[{"href":"http:\/\/www.ostaulkomailta.com\/blog\/wp-json\/wp\/v2\/posts\/1970"}],"collection":[{"href":"http:\/\/www.ostaulkomailta.com\/blog\/wp-json\/wp\/v2\/posts"}],"about":[{"href":"http:\/\/www.ostaulkomailta.com\/blog\/wp-json\/wp\/v2\/types\/post"}],"author":[{"embeddable":true,"href":"http:\/\/www.ostaulkomailta.com\/blog\/wp-json\/wp\/v2\/users\/1"}],"replies":[{"embeddable":true,"href":"http:\/\/www.ostaulkomailta.com\/blog\/wp-json\/wp\/v2\/comments?post=1970"}],"version-history":[{"count":8,"href":"http:\/\/www.ostaulkomailta.com\/blog\/wp-json\/wp\/v2\/posts\/1970\/revisions"}],"predecessor-version":[{"id":2462,"href":"http:\/\/www.ostaulkomailta.com\/blog\/wp-json\/wp\/v2\/posts\/1970\/revisions\/2462"}],"wp:attachment":[{"href":"http:\/\/www.ostaulkomailta.com\/blog\/wp-json\/wp\/v2\/media?parent=1970"}],"wp:term":[{"taxonomy":"category","embeddable":true,"href":"http:\/\/www.ostaulkomailta.com\/blog\/wp-json\/wp\/v2\/categories?post=1970"},{"taxonomy":"post_tag","embeddable":true,"href":"http:\/\/www.ostaulkomailta.com\/blog\/wp-json\/wp\/v2\/tags?post=1970"}],"curies":[{"name":"wp","href":"https:\/\/api.w.org\/{rel}","templated":true}]}}