{"id":1885,"date":"2013-06-04T18:08:41","date_gmt":"2013-06-04T15:08:41","guid":{"rendered":"http:\/\/www.ostaulkomailta.com\/blog\/?p=1885"},"modified":"2014-02-14T16:51:21","modified_gmt":"2014-02-14T14:51:21","slug":"kaupan-liitto-vastaa-stubbille","status":"publish","type":"post","link":"http:\/\/www.ostaulkomailta.com\/blog\/kaupan-liitto-vastaa-stubbille\/","title":{"rendered":"Kaupan liitto vastaa Stubbille"},"content":{"rendered":"<p>Kaupan liittokin noteerasi Alexander Stubbin verkkokauppa-kommentit\u00a0 ja reaktio ei ollut mitenk\u00e4\u00e4n ilahtunut. Erityist\u00e4 \u00e4rtyneisyytt\u00e4 liiton <a href=\"http:\/\/www.kauppa.fi\/kauppa_fi\/ajankohtaista\/blogit\/juhani_pekkalan_blogi\/ministeri_stubbilla_on_asiaa_292\" target=\"_blank\">puheenjohtajassa Juhani Pekkalassa <\/a>aiheutti <a href=\"http:\/\/www.ostaulkomailta.com\/blog\/voi-pyha-alexander-sentaan\/\" target=\"_blank\">t\u00e4ll\u00e4kin sivustolla k\u00e4sitelty<\/a> kommentti: &#8221;Kotimaisten vaihtoehtojen ohella kuluttajan olisi voitava k\u00e4\u00e4nty\u00e4 my\u00f6s muiden EU-maissa toimivien verkkokauppojen puoleen edullisempien hintojen, paremman laadun ja laajemman tuotevalikoiman toivossa&#8221;.<\/p>\n<p>Kun kotimainen kauppa kommentoi mahdollisuuksiaan globaaleilla markkinoilla on kommentit yleens\u00e4 utopistisen korkealentoisia ja turhaa posititiivisuutta tulvillaan. Pekkalan napakka kommentointi Stubbille onkin poikkeuksellista, sill\u00e4 harvoin on kuultu n\u00e4in suoraa puhetta kotimaisen kaupan kilpailumahdollisuuksista ulkomaisia verkkokauppoja vastaan.<\/p>\n<blockquote><p>Kun Stubb kirjoittaa kotimaisista vaihtoehdoista haluan ymm\u00e4rt\u00e4\u00e4, ett\u00e4 h\u00e4n tarkoittaa jokaisen EU-kansalaisen omaa kotimaata ja mahdollisuutta k\u00e4ytt\u00e4\u00e4 ulkomaisia verkkokauppoja. Silti, kun suomalainen ministeri kirjoittaa n\u00e4in, tulee pohtineeksi, ett\u00e4 mit\u00e4h\u00e4n Stubb oikein ajattelee. Ajatteleeko h\u00e4n, ett\u00e4 nimenomaan suomalaisten olisi parempi ostaa ulkomaisista verkkokaupoista kuin Suomesta?<\/p>\n<p>Taustaksi, ett\u00e4 suomalaisten ostokset ulkomaisista verkkokaupoista kasvavat\u00a0 kymmenen prosentin vauhtia, kun ostokset kotimaisista kaupoista viiden prosentin vauhtia. Er\u00e4ill\u00e4 aloilla on jo n\u00e4hty, ett\u00e4 kotimaassa on pakko laittaa kauppoja kiinni, koska ulkomaiselle kilpailulle ei ole p\u00e4rj\u00e4tty. Stubbin ei tarvitse olla huolissaan: suomalaiset kuluttajat toimivat jo niin kuin h\u00e4n toivoo.<\/p><\/blockquote>\n<p>Oman edun tavoittelu on yksi maailmaa py\u00f6ritt\u00e4vist\u00e4 tekij\u00f6ist\u00e4. Oman edun tavoittelu ajaa kauppaa ja kauppiaita eteenp\u00e4in voiton tavoittelussa, mutta globaalit markkinat ovat antaneet my\u00f6s meille kuluttajille mahdollisuuden oman edun tavoitteluun, ulkomaiset verkkokaupat. Me kyll\u00e4 tied\u00e4mme sen, ett\u00e4 ulkomaisista verkkokaupoista ostaminen on kotimaan markkinoille vahingollista, mutta kun niist\u00e4 ihan oikeasti on parempi ostaa. Jos ei olisi, niin ei sen arvokaan kasvaisi tuota kymmenen-kahdenkymmenen prosentin vuosivauhtia.<\/p>\n<p>Mit\u00e4 taas tulee verkkokauppojen sulkemiseen kotimaassa, niin siit\u00e4 on turha syytt\u00e4\u00e4 ainoastaan ulkomaisia kilpailijoita. Kapuloita pienten osaavien erikoiskauppojen rattaisiin heitt\u00e4\u00e4 toki valtiovaltakin, mutta my\u00f6s logistiikka-ala\u00a0 ja erityisesti suuret keskusliikkeet, jotka jyr\u00e4\u00e4v\u00e4t surutta pienet\u00a0 kilpailijat edelt\u00e4\u00e4n. Mutta koska omille r\u00e4ksytt\u00e4minen Pekkalan asemassa ei k\u00e4y, niin haukku kohdistuu hallitukseen.<\/p>\n<blockquote><p>Suomen nykyinen hallitus on pit\u00e4nyt meteli\u00e4 kovasti viennin puolesta ja ollut huolissaan siit\u00e4, ett\u00e4 vienti ei ved\u00e4. Se tarkoittaa sit\u00e4, ett\u00e4 hallitus on huolissaan siit\u00e4, ett\u00e4 muiden maiden kuluttajat eiv\u00e4t kuluta ja osta. Sen sijaan suomalaisista kotimarkkinoista ei olla niin huolissaan. Ostovoima on jo l\u00e4htenyt meill\u00e4 laskuun.<\/p><\/blockquote>\n<p>Pekkala on siin\u00e4 oikeassa, ett\u00e4 kotimaan n\u00e4kym\u00e4t eiv\u00e4t todellakaan ole ruusuiset. Hinnat ja heikkenev\u00e4 ostovoima vet\u00e4v\u00e4t meit\u00e4 kuluttajia kovaa vauhtia edullisimmille ulkomaan apajille. Lis\u00e4ksi hallituksen visiot aiheuttavat kuluttajissakin vilunv\u00e4reit\u00e4. Valtiovarainministeri\u00f6n &#8221;esitys&#8221; yhdest\u00e4 arvonlis\u00e4verokannastakin todenn\u00e4k\u00f6isesti vain pahentaisi tilannetta, sill\u00e4 se tarkoittaisi voimakasta ruoan hinnan nousua. Nousua,\u00a0 jota kahden prosentin ale yleisess\u00e4 verokannassa ei pystyisi mitenk\u00e4\u00e4n kompensoimaan.<\/p>\n<p>Vaan eip\u00e4 ole Stubbin erityisavustajan Lauri Tieralan &#8221;Impivaarassa ei vaurastu&#8221;-vastinekaan Pekkalan Blogiin miellytt\u00e4v\u00e4\u00e4 luettavaa. Puhdasta retoriikkaa, joka tihkuu besserwisserismi\u00e4 Kaupan liittoa kohtaan. Antaisinkin ihka aidon Impivaaran pennin Pekkalalle, jos saisin tiet\u00e4\u00e4 h\u00e4nen ajatuksensa joko tuosta vastineesta tai siit\u00e4, ett\u00e4 ministeri ei itse vaivaudu kotimaisen kaupan etuj\u00e4rjest\u00f6lle vastaamaan.<\/p>\n","protected":false},"excerpt":{"rendered":"<p>Kaupan liittokin noteerasi Alexander Stubbin verkkokauppa-kommentit\u00a0 ja reaktio ei ollut mitenk\u00e4\u00e4n ilahtunut. Erityist\u00e4 \u00e4rtyneisyytt\u00e4 liiton puheenjohtajassa Juhani Pekkalassa aiheutti t\u00e4ll\u00e4kin sivustolla k\u00e4sitelty kommentti: &#8221;Kotimaisten vaihtoehtojen ohella kuluttajan olisi voitava k\u00e4\u00e4nty\u00e4 my\u00f6s muiden EU-maissa toimivien verkkokauppojen puoleen edullisempien hintojen, paremman laadun ja laajemman tuotevalikoiman toivossa&#8221;. Kun kotimainen kauppa kommentoi mahdollisuuksiaan globaaleilla markkinoilla on kommentit yleens\u00e4 utopistisen [&hellip;]<\/p>\n","protected":false},"author":1,"featured_media":0,"comment_status":"open","ping_status":"closed","sticky":false,"template":"","format":"standard","meta":[],"categories":[57,383],"tags":[353,355,217,18,25],"_links":{"self":[{"href":"http:\/\/www.ostaulkomailta.com\/blog\/wp-json\/wp\/v2\/posts\/1885"}],"collection":[{"href":"http:\/\/www.ostaulkomailta.com\/blog\/wp-json\/wp\/v2\/posts"}],"about":[{"href":"http:\/\/www.ostaulkomailta.com\/blog\/wp-json\/wp\/v2\/types\/post"}],"author":[{"embeddable":true,"href":"http:\/\/www.ostaulkomailta.com\/blog\/wp-json\/wp\/v2\/users\/1"}],"replies":[{"embeddable":true,"href":"http:\/\/www.ostaulkomailta.com\/blog\/wp-json\/wp\/v2\/comments?post=1885"}],"version-history":[{"count":31,"href":"http:\/\/www.ostaulkomailta.com\/blog\/wp-json\/wp\/v2\/posts\/1885\/revisions"}],"predecessor-version":[{"id":2463,"href":"http:\/\/www.ostaulkomailta.com\/blog\/wp-json\/wp\/v2\/posts\/1885\/revisions\/2463"}],"wp:attachment":[{"href":"http:\/\/www.ostaulkomailta.com\/blog\/wp-json\/wp\/v2\/media?parent=1885"}],"wp:term":[{"taxonomy":"category","embeddable":true,"href":"http:\/\/www.ostaulkomailta.com\/blog\/wp-json\/wp\/v2\/categories?post=1885"},{"taxonomy":"post_tag","embeddable":true,"href":"http:\/\/www.ostaulkomailta.com\/blog\/wp-json\/wp\/v2\/tags?post=1885"}],"curies":[{"name":"wp","href":"https:\/\/api.w.org\/{rel}","templated":true}]}}